{"id":378,"date":"2021-04-26T20:40:44","date_gmt":"2021-04-26T20:40:44","guid":{"rendered":"https:\/\/radiosantacruzfm.com\/?p=378"},"modified":"2021-04-26T20:40:45","modified_gmt":"2021-04-26T20:40:45","slug":"invitacion-rendicion-de-cuentas-2020","status":"publish","type":"post","link":"https:\/\/radiosantacruzfm.com\/index.php\/2021\/04\/26\/invitacion-rendicion-de-cuentas-2020\/","title":{"rendered":"INVITACI\u00d3N: RENDICI\u00d3N DE CUENTAS 2020"},"content":{"rendered":"\n<p>Radio Santa Cruz 88.7 FM, en cumplimiento a lo dispuesto en la Constituci\u00f3n de la Rep\u00fablica del Ecuador. Ley org\u00e1nica de Participaci\u00f3n Ciudadana y Ley Org\u00e1nica del Consejo de Participaci\u00f3n Ciudadana y Control Social.<\/p>\n\n\n\n<p>Invita a usted, a la rendici\u00f3n de cuentas 2020.<\/p>\n\n\n\n<p><\/p>\n","protected":false},"excerpt":{"rendered":"<p>Radio Santa Cruz 88.7 FM, en cumplimiento a lo dispuesto en la Constituci\u00f3n de la Rep\u00fablica del Ecuador. Ley org\u00e1nica de Participaci\u00f3n Ciudadana y Ley Org\u00e1nica del Consejo de Participaci\u00f3n Ciudadana y Control Social. Invita a usted, a la rendici\u00f3n de cuentas 2020.<\/p>\n","protected":false},"author":1,"featured_media":380,"comment_status":"open","ping_status":"closed","sticky":false,"template":"","format":"standard","meta":{"_et_pb_use_builder":"off","_et_pb_old_content":"","_et_gb_content_width":"","footnotes":""},"categories":[1],"tags":[],"class_list":["post-378","post","type-post","status-publish","format-standard","has-post-thumbnail","hentry","category-uncategorized"],"_links":{"self":[{"href":"https:\/\/radiosantacruzfm.com\/index.php\/wp-json\/wp\/v2\/posts\/378","targetHints":{"allow":["GET"]}}],"collection":[{"href":"https:\/\/radiosantacruzfm.com\/index.php\/wp-json\/wp\/v2\/posts"}],"about":[{"href":"https:\/\/radiosantacruzfm.com\/index.php\/wp-json\/wp\/v2\/types\/post"}],"author":[{"embeddable":true,"href":"https:\/\/radiosantacruzfm.com\/index.php\/wp-json\/wp\/v2\/users\/1"}],"replies":[{"embeddable":true,"href":"https:\/\/radiosantacruzfm.com\/index.php\/wp-json\/wp\/v2\/comments?post=378"}],"version-history":[{"count":1,"href":"https:\/\/radiosantacruzfm.com\/index.php\/wp-json\/wp\/v2\/posts\/378\/revisions"}],"predecessor-version":[{"id":381,"href":"https:\/\/radiosantacruzfm.com\/index.php\/wp-json\/wp\/v2\/posts\/378\/revisions\/381"}],"wp:featuredmedia":[{"embeddable":true,"href":"https:\/\/radiosantacruzfm.com\/index.php\/wp-json\/wp\/v2\/media\/380"}],"wp:attachment":[{"href":"https:\/\/radiosantacruzfm.com\/index.php\/wp-json\/wp\/v2\/media?parent=378"}],"wp:term":[{"taxonomy":"category","embeddable":true,"href":"https:\/\/radiosantacruzfm.com\/index.php\/wp-json\/wp\/v2\/categories?post=378"},{"taxonomy":"post_tag","embeddable":true,"href":"https:\/\/radiosantacruzfm.com\/index.php\/wp-json\/wp\/v2\/tags?post=378"}],"curies":[{"name":"wp","href":"https:\/\/api.w.org\/{rel}","templated":true}]}}