{"id":383,"date":"2021-05-17T13:15:50","date_gmt":"2021-05-17T13:15:50","guid":{"rendered":"https:\/\/radiosantacruzfm.com\/?p=383"},"modified":"2021-05-17T13:15:54","modified_gmt":"2021-05-17T13:15:54","slug":"rendicion-de-cuentas-periodo-2020","status":"publish","type":"post","link":"https:\/\/radiosantacruzfm.com\/index.php\/2021\/05\/17\/rendicion-de-cuentas-periodo-2020\/","title":{"rendered":"RENDICI\u00d3N DE CUENTAS PER\u00cdODO 2020"},"content":{"rendered":"\n<p>Radio Santa Cruz 88.7 Fm, rindi\u00f3 cuentas de su gesti\u00f3n, a\u00f1o 2020.<img decoding=\"async\" height=\"16\" width=\"16\" alt=\"\u25b6\ufe0f\" src=\"https:\/\/static.xx.fbcdn.net\/images\/emoji.php\/v9\/tc7\/1.5\/16\/25b6.png\"><\/p>\n\n\n\n<p>En cumplimiento a lo dispuesto en la Constituci\u00f3n de la Rep\u00fablica del Ecuador, Ley Org\u00e1nica de Participaci\u00f3n Ciudadana y Ley Org\u00e1nica del Consejo de Participaci\u00f3n Ciudadana y Control Social.  <\/p>\n\n\n\n<p>El 29 de abril, la estacion radial, dio a conocer su gesti\u00f3n y servicio a la ciudadan\u00eda en cuanto a la programaci\u00f3n, estados financieros y las actividades desplegadas en el per\u00edodo #2020.<\/p>\n","protected":false},"excerpt":{"rendered":"<p>Radio Santa Cruz 88.7 Fm, rindi\u00f3 cuentas de su gesti\u00f3n, a\u00f1o 2020. En cumplimiento a lo dispuesto en la Constituci\u00f3n de la Rep\u00fablica del Ecuador, Ley Org\u00e1nica de Participaci\u00f3n Ciudadana y Ley Org\u00e1nica del Consejo de Participaci\u00f3n Ciudadana y Control Social. El 29 de abril, la estacion radial, dio a conocer su gesti\u00f3n y servicio [&hellip;]<\/p>\n","protected":false},"author":1,"featured_media":384,"comment_status":"open","ping_status":"closed","sticky":false,"template":"","format":"standard","meta":{"_et_pb_use_builder":"off","_et_pb_old_content":"","_et_gb_content_width":"","footnotes":""},"categories":[1],"tags":[],"class_list":["post-383","post","type-post","status-publish","format-standard","has-post-thumbnail","hentry","category-uncategorized"],"_links":{"self":[{"href":"https:\/\/radiosantacruzfm.com\/index.php\/wp-json\/wp\/v2\/posts\/383","targetHints":{"allow":["GET"]}}],"collection":[{"href":"https:\/\/radiosantacruzfm.com\/index.php\/wp-json\/wp\/v2\/posts"}],"about":[{"href":"https:\/\/radiosantacruzfm.com\/index.php\/wp-json\/wp\/v2\/types\/post"}],"author":[{"embeddable":true,"href":"https:\/\/radiosantacruzfm.com\/index.php\/wp-json\/wp\/v2\/users\/1"}],"replies":[{"embeddable":true,"href":"https:\/\/radiosantacruzfm.com\/index.php\/wp-json\/wp\/v2\/comments?post=383"}],"version-history":[{"count":1,"href":"https:\/\/radiosantacruzfm.com\/index.php\/wp-json\/wp\/v2\/posts\/383\/revisions"}],"predecessor-version":[{"id":385,"href":"https:\/\/radiosantacruzfm.com\/index.php\/wp-json\/wp\/v2\/posts\/383\/revisions\/385"}],"wp:featuredmedia":[{"embeddable":true,"href":"https:\/\/radiosantacruzfm.com\/index.php\/wp-json\/wp\/v2\/media\/384"}],"wp:attachment":[{"href":"https:\/\/radiosantacruzfm.com\/index.php\/wp-json\/wp\/v2\/media?parent=383"}],"wp:term":[{"taxonomy":"category","embeddable":true,"href":"https:\/\/radiosantacruzfm.com\/index.php\/wp-json\/wp\/v2\/categories?post=383"},{"taxonomy":"post_tag","embeddable":true,"href":"https:\/\/radiosantacruzfm.com\/index.php\/wp-json\/wp\/v2\/tags?post=383"}],"curies":[{"name":"wp","href":"https:\/\/api.w.org\/{rel}","templated":true}]}}